{"id":631,"date":"2024-07-28T18:07:05","date_gmt":"2024-07-28T16:07:05","guid":{"rendered":"https:\/\/psychoterapiawtoruniu.pl\/?p=631"},"modified":"2024-07-28T18:07:06","modified_gmt":"2024-07-28T16:07:06","slug":"kazde-cialo-jest-piekne-czyli-o-akcepcji-slow-kilka","status":"publish","type":"post","link":"https:\/\/psychoterapiawtoruniu.pl\/index.php\/2024\/07\/28\/kazde-cialo-jest-piekne-czyli-o-akcepcji-slow-kilka\/","title":{"rendered":"Ka\u017cde cia\u0142o jest PI\u0118KNE&#8230;czyli o akcepcji s\u0142\u00f3w kilka"},"content":{"rendered":"\n<p>By\u0107 Kobiet\u0105, by\u0107 Kobiet\u0105&#8230;<\/p>\n\n\n\n<p>Pracuj\u0119 jako psychoterapeuta  i zar\u00f3wno w pracy psychoterapeutycznej, jak i prywatnie, ostatnio wraca do mnie temat akceptacji siebie, swojego wygl\u0105du, swojego cia\u0142a. Cz\u0119sto s\u0142ysz\u0119 od (wed\u0142ug mnie wspania\u0142ych i pi\u0119knych) Kobiet zdania: &#8222;nie lubi\u0119 siebie&#8221;, &#8221; jestem za gruba&#8221;, &#8222;ur\u00f3s\u0142 mi brzuch i ty\u0142ek&#8221;, &#8222;nie lubi\u0119 swoich krzywych n\u00f3g&#8221;, &#8222;mam za ma\u0142e piersi&#8221; i wiele wi\u0119cej oceniaj\u0105cych komunikat\u00f3w. Sama wiem jak\u0105 drog\u0119 przesz\u0142am, \u017ceby zaakceptowa\u0107 i pokocha\u0107 moje cia\u0142o. Mam 158 centymetr\u00f3w wzrostu i nosz\u0119 rozmiar 42, wi\u0119c ewidentnie nie wpisuj\u0119 si\u0119 w kanony urodowe kreowane przed media. To jak pokazywane jest &#8222;pi\u0119kno&#8221; wp\u0142ywa negatywnie nie tylko na dziewczynki i nastolatki, ale tak\u017ce na doros\u0142e Kobiety! Cz\u0119sto s\u0142ysz\u0119, \u017ce &#8222;w Internecie s\u0105 takie pi\u0119kne kobiety, a ja jestem taka nieatrakcyjna\/przeci\u0119tna&#8221;. . Dlatego tak wa\u017cne jest zdawa\u0107 sobie spraw\u0119, \u017ce to, co widzimy cz\u0119sto nie jest prawd\u0105, cz\u0119sto jest filtrem. Prawdziwe jeste\u015bmy my, nasze przyjaci\u00f3\u0142ki, siostry, kole\u017canki&#8230;<\/p>\n\n\n\n<p><strong>Co mo\u017cna zrobi\u0107, \u017ceby \u015bwiadomie pracowa\u0107 nad docenianiem siebie i swojego cia\u0142a?<\/strong><\/p>\n\n\n\n<p><img loading=\"lazy\" decoding=\"async\" height=\"16\" width=\"16\" alt=\"&#x27a1;&#xfe0f;\" src=\"https:\/\/static.xx.fbcdn.net\/images\/emoji.php\/v9\/t9e\/1\/16\/27a1.png\"> Fritz Perls &#8211; tw\u00f3rca nurtu Gestalt, w kt\u00f3rym pracuj\u0119, podkre\u015bla\u0142, \u017ce poprzez zwi\u0119kszenie \u015bwiadomo\u015bci swoich my\u015bli, uczu\u0107 i zachowa\u0144, mo\u017cna osi\u0105gn\u0105\u0107 g\u0142\u0119bsze zrozumienie siebie i lepsz\u0105 akceptacj\u0119 swojego cia\u0142a. Gestalt w og\u00f3le k\u0142adzie du\u017cy nacisk na integracj\u0119 cia\u0142a i umys\u0142u. Clarkson i Mackewn w ksi\u0105\u017cce &#8222;Fritz Perls&#8221; opisuj\u0105, \u017ce akceptacja swojego cia\u0142a jest kluczowym elementem pe\u0142nego do\u015bwiadczenia siebie. Praktyki takie jak praca z oddechem, medytacja i techniki uwa\u017cno\u015bci mog\u0105 pom\u00f3c w zwi\u0119kszeniu \u015bwiadomo\u015bci cia\u0142a i jego akceptacji.<\/p>\n\n\n\n<p><img loading=\"lazy\" decoding=\"async\" height=\"16\" width=\"16\" alt=\"&#x27a1;&#xfe0f;\" src=\"https:\/\/static.xx.fbcdn.net\/images\/emoji.php\/v9\/t9e\/1\/16\/27a1.png\"> Tak\u017ce wsparcie i otaczanie si\u0119 lud\u017ami, kt\u00f3rzy siebie akceptuj\u0105 i maj\u0105 do siebie pozytywne podej\u015bcie, mo\u017ce znacz\u0105co wp\u0142yn\u0105\u0107 na postrzeganie siebie. Potwierdzaj\u0105 to badania Tylki i Wood-Barcalow z 2015 roku.<\/p>\n\n\n\n<p><img loading=\"lazy\" decoding=\"async\" height=\"16\" width=\"16\" alt=\"&#x27a1;&#xfe0f;\" src=\"https:\/\/static.xx.fbcdn.net\/images\/emoji.php\/v9\/t9e\/1\/16\/27a1.png\"> Mo\u017cesz \u015bwiadomie dawa\u0107 sobie wspieraj\u0105ce komunikaty i \u0107wiczy\u0107 zamian\u0119 krytyki w komplement. Zamiast na przyklad m\u00f3wi\u0107:<\/p>\n\n\n\n<p><img loading=\"lazy\" decoding=\"async\" height=\"16\" width=\"16\" alt=\"&#x274c;&#xfe0f;\" src=\"https:\/\/static.xx.fbcdn.net\/images\/emoji.php\/v9\/tdd\/1\/16\/274c.png\"> &#8222;nie znosz\u0119 swojego wystaj\u0105cego brzucha i rozst\u0119p\u00f3w na nim&#8221;,<\/p>\n\n\n\n<p>m\u00f3w :<\/p>\n\n\n\n<p><img loading=\"lazy\" decoding=\"async\" height=\"16\" width=\"16\" alt=\"&#x2705;&#xfe0f;\" src=\"https:\/\/static.xx.fbcdn.net\/images\/emoji.php\/v9\/t33\/1\/16\/2705.png\"> &#8222;ten brzuch przez 9 miesi\u0119cy chroni\u0142 i wspiera\u0142 rozw\u00f3j moich dzieci, kt\u00f3re kocham najbardziej na \u015bwiecie&#8221;<\/p>\n\n\n\n<p>Zamiast m\u00f3wi\u0107 :<\/p>\n\n\n\n<p><img loading=\"lazy\" decoding=\"async\" height=\"16\" width=\"16\" alt=\"&#x274c;&#xfe0f;\" src=\"https:\/\/static.xx.fbcdn.net\/images\/emoji.php\/v9\/tdd\/1\/16\/274c.png\"> &#8222;mam takie brzydkie, niezgrabne nogi&#8221;<\/p>\n\n\n\n<p>m\u00f3w:<\/p>\n\n\n\n<p><img loading=\"lazy\" decoding=\"async\" height=\"16\" width=\"16\" alt=\"&#x2705;&#xfe0f;\" src=\"https:\/\/static.xx.fbcdn.net\/images\/emoji.php\/v9\/t33\/1\/16\/2705.png\"> &#8222;te nogi zanios\u0142y mnie w tyle pi\u0119knych miejsc i pozwoli\u0142y mi odkry\u0107 to, \u017ce kocham ta\u0144czy\u0107 &#8222;<\/p>\n\n\n\n<p><strong>Historie Kobiet, z kt\u00f3rymi pracuj\u0119 jako psychoterapeuta Gestalt:<\/strong><\/p>\n\n\n\n<p><img loading=\"lazy\" decoding=\"async\" height=\"16\" width=\"16\" alt=\"&#x2764;&#xfe0f;\" src=\"https:\/\/static.xx.fbcdn.net\/images\/emoji.php\/v9\/t6c\/1\/16\/2764.png\"> &#8222;po naszych rozmowach i pracy nad postrzeganiem siebie postanowi\u0142am zak\u0142ada\u0107 kr\u00f3tkie spodenki&#8221; , a na sesje przychodz\u0105 w szortach i \u015bwietnie si\u0119 w ich czuj\u0105, albo<\/p>\n\n\n\n<p><img loading=\"lazy\" decoding=\"async\" height=\"16\" width=\"16\" alt=\"&#x2764;&#xfe0f;\" src=\"https:\/\/static.xx.fbcdn.net\/images\/emoji.php\/v9\/t6c\/1\/16\/2764.png\"> &#8222;za\u0142o\u017cy\u0142am t\u0119 obcis\u0142\u0105 sukienk\u0119 i nie za\u0142o\u017cy\u0142am do niej stanika, a dwa lata le\u017ca\u0142a w szafie, bo si\u0119 wstydzi\u0142am w niej wyj\u015b\u0107 z domu&#8221;, albo<\/p>\n\n\n\n<p><img loading=\"lazy\" decoding=\"async\" height=\"16\" width=\"16\" alt=\"&#x2764;&#xfe0f;\" src=\"https:\/\/static.xx.fbcdn.net\/images\/emoji.php\/v9\/t6c\/1\/16\/2764.png\"> &#8222;pierwszy raz od wielu lat za\u0142o\u017cy\u0142am bikini i pojecha\u0142am na pla\u017c\u0119&#8221;&#8230;<\/p>\n\n\n\n<p>to ja czuj\u0119 ogromn\u0105 rado\u015b\u0107 i dum\u0119 z Was Dziewczyny! <img loading=\"lazy\" decoding=\"async\" height=\"16\" width=\"16\" alt=\"&#x2764;&#xfe0f;\" src=\"https:\/\/static.xx.fbcdn.net\/images\/emoji.php\/v9\/t6c\/1\/16\/2764.png\"><img loading=\"lazy\" decoding=\"async\" height=\"16\" width=\"16\" alt=\"&#x2764;&#xfe0f;\" src=\"https:\/\/static.xx.fbcdn.net\/images\/emoji.php\/v9\/t6c\/1\/16\/2764.png\"><img loading=\"lazy\" decoding=\"async\" height=\"16\" width=\"16\" alt=\"&#x2764;&#xfe0f;\" src=\"https:\/\/static.xx.fbcdn.net\/images\/emoji.php\/v9\/t6c\/1\/16\/2764.png\"><\/p>\n\n\n\n<p>W gabinecie psychoterapii Gestalt w Toruniu pracuj\u0119 ze wspania\u0142ymi Kobietami. Wszystkie s\u0105 m\u0105dre, pi\u0119kne wewn\u0119trznie i na zewn\u0105trz. Zaszczytem jest dla mnie towarzyszy\u0107 Wam wszystkim w zmianie <img loading=\"lazy\" decoding=\"async\" height=\"16\" width=\"16\" src=\"https:\/\/static.xx.fbcdn.net\/images\/emoji.php\/v9\/t6c\/1\/16\/2764.png\" alt=\"&#x2764;&#xfe0f;\"><\/p>\n\n\n\n<p>Akceptacji \u017cycz\u0119 wszystkim, bo ka\u017cda z nas jest pi\u0119kna i wyj\u0105tkowa! <img loading=\"lazy\" decoding=\"async\" height=\"16\" width=\"16\" alt=\"&#x1f642;\" src=\"https:\/\/static.xx.fbcdn.net\/images\/emoji.php\/v9\/t4c\/1\/16\/1f642.png\"><\/p>\n\n\n\n<p>\u015aciskam<\/p>\n\n\n\n<p>Ewa<\/p>\n\n\n\n<p><a href=\"https:\/\/www.facebook.com\/hashtag\/selfpsychoterapiawtoruniu?__eep__=6&amp;__cft__[0]=AZWx46ErZrKkNR9k71AM_Vhm0niFw6Mzz6mrqiJ3GFaYlvzuQbs4E4grs2uGHmebEiulmv2ZTXIXR4tT3c1o2eS9QQ51I4asZKn1FRPjvGI4lIZqp9D2QvrfxbL8b5hT6Op8lSoQ40rYvuDcoDgeOVANZmJl6M1thz2e0YysvCodlCCq72CEPrP2OlR3XYNtP27t0KtaTzzhcFYx7m7PHEiT&amp;__tn__=*NK-R\">#selfpsychoterapiawtoruniu<\/a><a href=\"https:\/\/www.facebook.com\/hashtag\/psychoterapiagestalt?__eep__=6&amp;__cft__[0]=AZWx46ErZrKkNR9k71AM_Vhm0niFw6Mzz6mrqiJ3GFaYlvzuQbs4E4grs2uGHmebEiulmv2ZTXIXR4tT3c1o2eS9QQ51I4asZKn1FRPjvGI4lIZqp9D2QvrfxbL8b5hT6Op8lSoQ40rYvuDcoDgeOVANZmJl6M1thz2e0YysvCodlCCq72CEPrP2OlR3XYNtP27t0KtaTzzhcFYx7m7PHEiT&amp;__tn__=*NK-R\">#psychoterapiagestalt<\/a><a href=\"https:\/\/www.facebook.com\/hashtag\/selflove?__eep__=6&amp;__cft__[0]=AZWx46ErZrKkNR9k71AM_Vhm0niFw6Mzz6mrqiJ3GFaYlvzuQbs4E4grs2uGHmebEiulmv2ZTXIXR4tT3c1o2eS9QQ51I4asZKn1FRPjvGI4lIZqp9D2QvrfxbL8b5hT6Op8lSoQ40rYvuDcoDgeOVANZmJl6M1thz2e0YysvCodlCCq72CEPrP2OlR3XYNtP27t0KtaTzzhcFYx7m7PHEiT&amp;__tn__=*NK-R\">#selflove<\/a>#psychoterapiatoru\u0144 <\/p>\n\n\n\n<p><\/p>\n","protected":false},"excerpt":{"rendered":"<p>By\u0107 Kobiet\u0105, by\u0107 Kobiet\u0105&#8230; Pracuj\u0119 jako psychoterapeuta i zar\u00f3wno w pracy psychoterapeutycznej, jak i prywatnie, ostatnio wraca do mnie temat akceptacji siebie, swojego wygl\u0105du, swojego cia\u0142a. Cz\u0119sto s\u0142ysz\u0119 od (wed\u0142ug mnie wspania\u0142ych i pi\u0119knych) Kobiet zdania: &#8222;nie lubi\u0119 siebie&#8221;, &#8221; jestem za gruba&#8221;, &#8222;ur\u00f3s\u0142 mi brzuch i ty\u0142ek&#8221;, &#8222;nie lubi\u0119 swoich krzywych n\u00f3g&#8221;, &#8222;mam za [&hellip;]<\/p>\n","protected":false},"author":1,"featured_media":632,"comment_status":"open","ping_status":"open","sticky":false,"template":"","format":"standard","meta":{"_et_pb_use_builder":"off","_et_pb_old_content":"","_et_gb_content_width":"","footnotes":""},"categories":[1],"tags":[],"class_list":["post-631","post","type-post","status-publish","format-standard","has-post-thumbnail","hentry","category-bez-kategorii"],"yoast_head":"<!-- This site is optimized with the Yoast SEO plugin v19.7.1 - https:\/\/yoast.com\/wordpress\/plugins\/seo\/ -->\n<title>Ka\u017cde cia\u0142o jest PI\u0118KNE...czyli o akcepcji s\u0142\u00f3w kilka - Psychoterapia w Toruniu<\/title>\n<meta name=\"robots\" content=\"index, follow, max-snippet:-1, max-image-preview:large, max-video-preview:-1\" \/>\n<link rel=\"canonical\" href=\"https:\/\/psychoterapiawtoruniu.pl\/index.php\/2024\/07\/28\/kazde-cialo-jest-piekne-czyli-o-akcepcji-slow-kilka\/\" \/>\n<meta property=\"og:locale\" content=\"pl_PL\" \/>\n<meta property=\"og:type\" content=\"article\" \/>\n<meta property=\"og:title\" content=\"Ka\u017cde cia\u0142o jest PI\u0118KNE...czyli o akcepcji s\u0142\u00f3w kilka - Psychoterapia w Toruniu\" \/>\n<meta property=\"og:description\" content=\"By\u0107 Kobiet\u0105, by\u0107 Kobiet\u0105&#8230; Pracuj\u0119 jako psychoterapeuta i zar\u00f3wno w pracy psychoterapeutycznej, jak i prywatnie, ostatnio wraca do mnie temat akceptacji siebie, swojego wygl\u0105du, swojego cia\u0142a. Cz\u0119sto s\u0142ysz\u0119 od (wed\u0142ug mnie wspania\u0142ych i pi\u0119knych) Kobiet zdania: &#8222;nie lubi\u0119 siebie&#8221;, &#8221; jestem za gruba&#8221;, &#8222;ur\u00f3s\u0142 mi brzuch i ty\u0142ek&#8221;, &#8222;nie lubi\u0119 swoich krzywych n\u00f3g&#8221;, &#8222;mam za [&hellip;]\" \/>\n<meta property=\"og:url\" content=\"https:\/\/psychoterapiawtoruniu.pl\/index.php\/2024\/07\/28\/kazde-cialo-jest-piekne-czyli-o-akcepcji-slow-kilka\/\" \/>\n<meta property=\"og:site_name\" content=\"Psychoterapia w Toruniu\" \/>\n<meta property=\"article:publisher\" content=\"https:\/\/www.facebook.com\/profile.php?id=100082748626420\" \/>\n<meta property=\"article:published_time\" content=\"2024-07-28T16:07:05+00:00\" \/>\n<meta property=\"article:modified_time\" content=\"2024-07-28T16:07:06+00:00\" \/>\n<meta property=\"og:image\" content=\"https:\/\/psychoterapiawtoruniu.pl\/wp-content\/uploads\/2024\/07\/cialo.jpg\" \/>\n\t<meta property=\"og:image:width\" content=\"600\" \/>\n\t<meta property=\"og:image:height\" content=\"503\" \/>\n\t<meta property=\"og:image:type\" content=\"image\/jpeg\" \/>\n<meta name=\"author\" content=\"admin\" \/>\n<meta name=\"twitter:card\" content=\"summary_large_image\" \/>\n<meta name=\"twitter:label1\" content=\"Napisane przez\" \/>\n\t<meta name=\"twitter:data1\" content=\"admin\" \/>\n\t<meta name=\"twitter:label2\" content=\"Szacowany czas czytania\" \/>\n\t<meta name=\"twitter:data2\" content=\"6 minut\" \/>\n<script type=\"application\/ld+json\" class=\"yoast-schema-graph\">{\"@context\":\"https:\/\/schema.org\",\"@graph\":[{\"@type\":\"WebPage\",\"@id\":\"https:\/\/psychoterapiawtoruniu.pl\/index.php\/2024\/07\/28\/kazde-cialo-jest-piekne-czyli-o-akcepcji-slow-kilka\/\",\"url\":\"https:\/\/psychoterapiawtoruniu.pl\/index.php\/2024\/07\/28\/kazde-cialo-jest-piekne-czyli-o-akcepcji-slow-kilka\/\",\"name\":\"Ka\u017cde cia\u0142o jest PI\u0118KNE...czyli o akcepcji s\u0142\u00f3w kilka - Psychoterapia w Toruniu\",\"isPartOf\":{\"@id\":\"https:\/\/psychoterapiawtoruniu.pl\/#website\"},\"datePublished\":\"2024-07-28T16:07:05+00:00\",\"dateModified\":\"2024-07-28T16:07:06+00:00\",\"author\":{\"@id\":\"https:\/\/psychoterapiawtoruniu.pl\/#\/schema\/person\/56f15a0957d92067c39323edeec87b34\"},\"breadcrumb\":{\"@id\":\"https:\/\/psychoterapiawtoruniu.pl\/index.php\/2024\/07\/28\/kazde-cialo-jest-piekne-czyli-o-akcepcji-slow-kilka\/#breadcrumb\"},\"inLanguage\":\"pl-PL\",\"potentialAction\":[{\"@type\":\"ReadAction\",\"target\":[\"https:\/\/psychoterapiawtoruniu.pl\/index.php\/2024\/07\/28\/kazde-cialo-jest-piekne-czyli-o-akcepcji-slow-kilka\/\"]}]},{\"@type\":\"BreadcrumbList\",\"@id\":\"https:\/\/psychoterapiawtoruniu.pl\/index.php\/2024\/07\/28\/kazde-cialo-jest-piekne-czyli-o-akcepcji-slow-kilka\/#breadcrumb\",\"itemListElement\":[{\"@type\":\"ListItem\",\"position\":1,\"name\":\"Strona g\u0142\u00f3wna\",\"item\":\"https:\/\/psychoterapiawtoruniu.pl\/\"},{\"@type\":\"ListItem\",\"position\":2,\"name\":\"Ka\u017cde cia\u0142o jest PI\u0118KNE&#8230;czyli o akcepcji s\u0142\u00f3w kilka\"}]},{\"@type\":\"WebSite\",\"@id\":\"https:\/\/psychoterapiawtoruniu.pl\/#website\",\"url\":\"https:\/\/psychoterapiawtoruniu.pl\/\",\"name\":\"Psychoterapia w Toruniu\",\"description\":\"\",\"potentialAction\":[{\"@type\":\"SearchAction\",\"target\":{\"@type\":\"EntryPoint\",\"urlTemplate\":\"https:\/\/psychoterapiawtoruniu.pl\/?s={search_term_string}\"},\"query-input\":\"required name=search_term_string\"}],\"inLanguage\":\"pl-PL\"},{\"@type\":\"Person\",\"@id\":\"https:\/\/psychoterapiawtoruniu.pl\/#\/schema\/person\/56f15a0957d92067c39323edeec87b34\",\"name\":\"admin\",\"image\":{\"@type\":\"ImageObject\",\"inLanguage\":\"pl-PL\",\"@id\":\"https:\/\/psychoterapiawtoruniu.pl\/#\/schema\/person\/image\/\",\"url\":\"https:\/\/secure.gravatar.com\/avatar\/8dad5b3ddf2af31165643c1cde70830d0170f842d8e31d09a26989cee84f5aae?s=96&d=mm&r=g\",\"contentUrl\":\"https:\/\/secure.gravatar.com\/avatar\/8dad5b3ddf2af31165643c1cde70830d0170f842d8e31d09a26989cee84f5aae?s=96&d=mm&r=g\",\"caption\":\"admin\"},\"sameAs\":[\"http:\/\/psychoterapiawtoruniu.pl\"],\"url\":\"https:\/\/psychoterapiawtoruniu.pl\/index.php\/author\/admin\/\"}]}<\/script>\n<!-- \/ Yoast SEO plugin. -->","yoast_head_json":{"title":"Ka\u017cde cia\u0142o jest PI\u0118KNE...czyli o akcepcji s\u0142\u00f3w kilka - Psychoterapia w Toruniu","robots":{"index":"index","follow":"follow","max-snippet":"max-snippet:-1","max-image-preview":"max-image-preview:large","max-video-preview":"max-video-preview:-1"},"canonical":"https:\/\/psychoterapiawtoruniu.pl\/index.php\/2024\/07\/28\/kazde-cialo-jest-piekne-czyli-o-akcepcji-slow-kilka\/","og_locale":"pl_PL","og_type":"article","og_title":"Ka\u017cde cia\u0142o jest PI\u0118KNE...czyli o akcepcji s\u0142\u00f3w kilka - Psychoterapia w Toruniu","og_description":"By\u0107 Kobiet\u0105, by\u0107 Kobiet\u0105&#8230; Pracuj\u0119 jako psychoterapeuta i zar\u00f3wno w pracy psychoterapeutycznej, jak i prywatnie, ostatnio wraca do mnie temat akceptacji siebie, swojego wygl\u0105du, swojego cia\u0142a. Cz\u0119sto s\u0142ysz\u0119 od (wed\u0142ug mnie wspania\u0142ych i pi\u0119knych) Kobiet zdania: &#8222;nie lubi\u0119 siebie&#8221;, &#8221; jestem za gruba&#8221;, &#8222;ur\u00f3s\u0142 mi brzuch i ty\u0142ek&#8221;, &#8222;nie lubi\u0119 swoich krzywych n\u00f3g&#8221;, &#8222;mam za [&hellip;]","og_url":"https:\/\/psychoterapiawtoruniu.pl\/index.php\/2024\/07\/28\/kazde-cialo-jest-piekne-czyli-o-akcepcji-slow-kilka\/","og_site_name":"Psychoterapia w Toruniu","article_publisher":"https:\/\/www.facebook.com\/profile.php?id=100082748626420","article_published_time":"2024-07-28T16:07:05+00:00","article_modified_time":"2024-07-28T16:07:06+00:00","og_image":[{"width":600,"height":503,"url":"https:\/\/psychoterapiawtoruniu.pl\/wp-content\/uploads\/2024\/07\/cialo.jpg","type":"image\/jpeg"}],"author":"admin","twitter_card":"summary_large_image","twitter_misc":{"Napisane przez":"admin","Szacowany czas czytania":"6 minut"},"schema":{"@context":"https:\/\/schema.org","@graph":[{"@type":"WebPage","@id":"https:\/\/psychoterapiawtoruniu.pl\/index.php\/2024\/07\/28\/kazde-cialo-jest-piekne-czyli-o-akcepcji-slow-kilka\/","url":"https:\/\/psychoterapiawtoruniu.pl\/index.php\/2024\/07\/28\/kazde-cialo-jest-piekne-czyli-o-akcepcji-slow-kilka\/","name":"Ka\u017cde cia\u0142o jest PI\u0118KNE...czyli o akcepcji s\u0142\u00f3w kilka - Psychoterapia w Toruniu","isPartOf":{"@id":"https:\/\/psychoterapiawtoruniu.pl\/#website"},"datePublished":"2024-07-28T16:07:05+00:00","dateModified":"2024-07-28T16:07:06+00:00","author":{"@id":"https:\/\/psychoterapiawtoruniu.pl\/#\/schema\/person\/56f15a0957d92067c39323edeec87b34"},"breadcrumb":{"@id":"https:\/\/psychoterapiawtoruniu.pl\/index.php\/2024\/07\/28\/kazde-cialo-jest-piekne-czyli-o-akcepcji-slow-kilka\/#breadcrumb"},"inLanguage":"pl-PL","potentialAction":[{"@type":"ReadAction","target":["https:\/\/psychoterapiawtoruniu.pl\/index.php\/2024\/07\/28\/kazde-cialo-jest-piekne-czyli-o-akcepcji-slow-kilka\/"]}]},{"@type":"BreadcrumbList","@id":"https:\/\/psychoterapiawtoruniu.pl\/index.php\/2024\/07\/28\/kazde-cialo-jest-piekne-czyli-o-akcepcji-slow-kilka\/#breadcrumb","itemListElement":[{"@type":"ListItem","position":1,"name":"Strona g\u0142\u00f3wna","item":"https:\/\/psychoterapiawtoruniu.pl\/"},{"@type":"ListItem","position":2,"name":"Ka\u017cde cia\u0142o jest PI\u0118KNE&#8230;czyli o akcepcji s\u0142\u00f3w kilka"}]},{"@type":"WebSite","@id":"https:\/\/psychoterapiawtoruniu.pl\/#website","url":"https:\/\/psychoterapiawtoruniu.pl\/","name":"Psychoterapia w Toruniu","description":"","potentialAction":[{"@type":"SearchAction","target":{"@type":"EntryPoint","urlTemplate":"https:\/\/psychoterapiawtoruniu.pl\/?s={search_term_string}"},"query-input":"required name=search_term_string"}],"inLanguage":"pl-PL"},{"@type":"Person","@id":"https:\/\/psychoterapiawtoruniu.pl\/#\/schema\/person\/56f15a0957d92067c39323edeec87b34","name":"admin","image":{"@type":"ImageObject","inLanguage":"pl-PL","@id":"https:\/\/psychoterapiawtoruniu.pl\/#\/schema\/person\/image\/","url":"https:\/\/secure.gravatar.com\/avatar\/8dad5b3ddf2af31165643c1cde70830d0170f842d8e31d09a26989cee84f5aae?s=96&d=mm&r=g","contentUrl":"https:\/\/secure.gravatar.com\/avatar\/8dad5b3ddf2af31165643c1cde70830d0170f842d8e31d09a26989cee84f5aae?s=96&d=mm&r=g","caption":"admin"},"sameAs":["http:\/\/psychoterapiawtoruniu.pl"],"url":"https:\/\/psychoterapiawtoruniu.pl\/index.php\/author\/admin\/"}]}},"_links":{"self":[{"href":"https:\/\/psychoterapiawtoruniu.pl\/index.php\/wp-json\/wp\/v2\/posts\/631","targetHints":{"allow":["GET"]}}],"collection":[{"href":"https:\/\/psychoterapiawtoruniu.pl\/index.php\/wp-json\/wp\/v2\/posts"}],"about":[{"href":"https:\/\/psychoterapiawtoruniu.pl\/index.php\/wp-json\/wp\/v2\/types\/post"}],"author":[{"embeddable":true,"href":"https:\/\/psychoterapiawtoruniu.pl\/index.php\/wp-json\/wp\/v2\/users\/1"}],"replies":[{"embeddable":true,"href":"https:\/\/psychoterapiawtoruniu.pl\/index.php\/wp-json\/wp\/v2\/comments?post=631"}],"version-history":[{"count":1,"href":"https:\/\/psychoterapiawtoruniu.pl\/index.php\/wp-json\/wp\/v2\/posts\/631\/revisions"}],"predecessor-version":[{"id":633,"href":"https:\/\/psychoterapiawtoruniu.pl\/index.php\/wp-json\/wp\/v2\/posts\/631\/revisions\/633"}],"wp:featuredmedia":[{"embeddable":true,"href":"https:\/\/psychoterapiawtoruniu.pl\/index.php\/wp-json\/wp\/v2\/media\/632"}],"wp:attachment":[{"href":"https:\/\/psychoterapiawtoruniu.pl\/index.php\/wp-json\/wp\/v2\/media?parent=631"}],"wp:term":[{"taxonomy":"category","embeddable":true,"href":"https:\/\/psychoterapiawtoruniu.pl\/index.php\/wp-json\/wp\/v2\/categories?post=631"},{"taxonomy":"post_tag","embeddable":true,"href":"https:\/\/psychoterapiawtoruniu.pl\/index.php\/wp-json\/wp\/v2\/tags?post=631"}],"curies":[{"name":"wp","href":"https:\/\/api.w.org\/{rel}","templated":true}]}}